[
    {
        "Nome": "DECRETO - 492-atualiza\u00e7\u00e3o-UFM",
        "Numero": "492",
        "Exercicio": "2026",
        "Descricao": "<br>"
    },
    {
        "Nome": "DECRETO - 491-pol\u00edtica-municipal-alfabetiza\u00e7\u00e3o (1)",
        "Numero": "491",
        "Exercicio": "2026",
        "Descricao": "<br>"
    },
    {
        "Nome": "DECRETO - 490-ponto-fatultativo-tiradentes (1)",
        "Numero": "490",
        "Exercicio": "2026",
        "Descricao": "<br>"
    },
    {
        "Nome": "DECRETO - 489 - Nomea\u00e7\u00e3o-Conselho Municipal de Sa\u00fade-2026",
        "Numero": "489",
        "Exercicio": "2026",
        "Descricao": "<br>"
    },
    {
        "Nome": "DECRETO - 488 - Ponto Facultativo Semana Santa-2026",
        "Numero": "488",
        "Exercicio": "2026",
        "Descricao": "<br>"
    },
    {
        "Nome": "DECRETO - 487 - Nomea\u00e7\u00e3o-Conselho Municipal de Assist\u00eancia Social-2026",
        "Numero": "487",
        "Exercicio": "2026",
        "Descricao": "<br>"
    },
    {
        "Nome": "DECRETO - 486 - nomea\u00e7\u00e3o-conselheiros-CMDCA-2026",
        "Numero": "486",
        "Exercicio": "2026",
        "Descricao": "<br>"
    },
    {
        "Nome": "DECRETO N\u00ba 485, DE 18 DE MAR\u00c7O DE 2026",
        "Numero": "485",
        "Exercicio": "2025",
        "Descricao": "<br>"
    },
    {
        "Nome": "DECRETO - 484-nomea\u00e7\u00e3o-conselheiro-tutelar-f\u00e9rias",
        "Numero": "484",
        "Exercicio": "2026",
        "Descricao": "<br>"
    },
    {
        "Nome": "DECRETO - 483-Ponto-facultativo-carnaval",
        "Numero": "483",
        "Exercicio": "2026",
        "Descricao": "<br>"
    },
    {
        "Nome": "DECRETO - 482-nomea\u00e7\u00e3o-conselheiros-substitui\u00e7\u00e3o-Conselho-educa\u00e7\u00e3o",
        "Numero": "482",
        "Exercicio": "2026",
        "Descricao": "<br>"
    },
    {
        "Nome": "DECRETO - 481-prorroga-mandato-conselho-assist\u00eancia-social",
        "Numero": "481",
        "Exercicio": "2026",
        "Descricao": "<br>"
    },
    {
        "Nome": "DECRETO - 480-altera\u00e7\u00e3o-Decreto-420-registro-de-pre\u00e7os",
        "Numero": "480",
        "Exercicio": "2026",
        "Descricao": "<br>"
    },
    {
        "Nome": "DECRETO-479-nomea\u00e7\u00e3o-gestor-FUNDEB-Jalmes",
        "Numero": "479",
        "Exercicio": "2026",
        "Descricao": "<br>"
    },
    {
        "Nome": "DECRETO-478-exonera\u00e7\u00e3o-gestor-FUNDEB",
        "Numero": "478",
        "Exercicio": "2026",
        "Descricao": "<br>"
    },
    {
        "Nome": "DECRETO - 477 - tarifas de \u00e1gua - corre\u00e7\u00e3o 4,26%",
        "Numero": "477",
        "Exercicio": "2026",
        "Descricao": "<br>"
    },
    {
        "Nome": "DECRETO - 476 - Recadastramento entidades-sindicais-alterado (1)",
        "Numero": "476",
        "Exercicio": "2026",
        "Descricao": "<br>"
    },
    {
        "Nome": "DECRETO - 475-Reten\u00e7\u00e3o-ISS-simples",
        "Numero": "475",
        "Exercicio": "2025",
        "Descricao": "<br>"
    },
    {
        "Nome": "DECRETO - 474-Reten\u00e7\u00e3o-IR",
        "Numero": "474",
        "Exercicio": "2025",
        "Descricao": "<br>"
    },
    {
        "Nome": "DECRETO - 473-ponto-facultativo-consci\u00eancia-negra",
        "Numero": "473",
        "Exercicio": "2025",
        "Descricao": "<br>"
    },
    {
        "Nome": "DECRETO - 472-Decreto-armamento-guarda[2]",
        "Numero": "472",
        "Exercicio": "2025",
        "Descricao": "<br>"
    },
    {
        "Nome": "DECRETO - 471-ponto-facultativo-dia-do-servidor-remanejamento-2[1]",
        "Numero": "471",
        "Exercicio": "2025",
        "Descricao": "<br>"
    },
    {
        "Nome": "DECRETO-470-C\u00e2mara Intersetorial Municipal de Seguran\u00e7a Alimentar e  Nutricional \u2014 CAISAN[1]",
        "Numero": "470",
        "Exercicio": "2025",
        "Descricao": "<br>"
    },
    {
        "Nome": "DECRETO-469-Conselho-Seguran\u00e7a-Alimentar-Nutricional[1]",
        "Numero": "469",
        "Exercicio": "2025",
        "Descricao": "<br>"
    },
    {
        "Nome": "DECRETO - 468-cr\u00e9dito-adicional-[1]",
        "Numero": "468",
        "Exercicio": "2025",
        "Descricao": "<br>"
    },
    {
        "Nome": "DECRETO - 467-nomea\u00e7\u00e3o-gestores-FMS-Arnold-[1]",
        "Numero": "467",
        "Exercicio": "2025",
        "Descricao": "<br>"
    },
    {
        "Nome": "DECRETO - 466-exonera\u00e7\u00e3o-gestores-FMS-Maiany[1]",
        "Numero": "466",
        "Exercicio": "2025",
        "Descricao": "<br>"
    },
    {
        "Nome": "DECRETO_-_465-ponto-facultativo-7-setembro[1]",
        "Numero": "465",
        "Exercicio": "2025",
        "Descricao": "<br>"
    },
    {
        "Nome": "DECRETO - 464-regulamenta\u00e7\u00e3o-JARI-[1]",
        "Numero": "464",
        "Exercicio": "2025",
        "Descricao": "<br>"
    },
    {
        "Nome": "DECRETO - 463-convoca\u00e7\u00e3o-confer\u00eancia-sa\u00fade[1]",
        "Numero": "463",
        "Exercicio": "2025",
        "Descricao": "<br>"
    },
    {
        "Nome": "DECRETO - 462 - nomea\u00e7\u00e3o-conselheiros-substitui\u00e7\u00e3o-CACS-FUNDEB[1]",
        "Numero": "462",
        "Exercicio": "2025",
        "Descricao": "<br>"
    },
    {
        "Nome": "DECRETO_-_461_-_constitui\u00e7\u00e3o-comiss\u00e3o-seletivo[1]",
        "Numero": "461",
        "Exercicio": "2025",
        "Descricao": "<br>"
    },
    {
        "Nome": "DECRETO_-_460-revoga\u00e7\u00e3o-inciso-V-[1]",
        "Numero": "460",
        "Exercicio": "2025",
        "Descricao": "<br>"
    },
    {
        "Nome": "DECRETO - 459-nomea\u00e7\u00e3o-membros-CAE-conselho-de-alimenta\u00e7\u00e3o-escolar[1]",
        "Numero": "459",
        "Exercicio": "2025",
        "Descricao": "<br>"
    },
    {
        "Nome": "DECRETO - 458-convoca\u00e7\u00e3o-confer\u00eancia-mulher[1]",
        "Numero": "458",
        "Exercicio": "2025",
        "Descricao": "<br>"
    },
    {
        "Nome": "DECRETO - 457 - Ponto Facultativo-Corpus-christi[1]",
        "Numero": "457",
        "Exercicio": "2025",
        "Descricao": "<br>"
    },
    {
        "Nome": "DECRETO - 456 - convoca\u00e7\u00e3o - confer\u00eancia-assist\u00eancia[1]",
        "Numero": "456",
        "Exercicio": "2025",
        "Descricao": "<br>"
    },
    {
        "Nome": "DECRETO -455 Luto-falecimento-Antonio-[1]",
        "Numero": "455",
        "Exercicio": "2025",
        "Descricao": "<br>"
    },
    {
        "Nome": "DECRETO - 454 Ponto Facultativo-Dia-do-trabalhador",
        "Numero": "454",
        "Exercicio": "2025",
        "Descricao": "<br>"
    },
    {
        "Nome": "DECRETO N\u00ba 453, DE 23 DE ABRIL DE 2025",
        "Numero": "453",
        "Exercicio": "2025",
        "Descricao": "<br>"
    },
    {
        "Nome": "DECRETO - 452 nomea\u00e7\u00e3o-conselheiros-substitui\u00e7\u00e3o-C.M.Educa\u00e7\u00e3o",
        "Numero": "452",
        "Exercicio": "2025",
        "Descricao": "<br>"
    },
    {
        "Nome": "DECRETO-451 nomea\u00e7\u00e3o-gestor-Jarisson-Secretaria-Educa\u00e7\u00e3o-CNPJ",
        "Numero": "451",
        "Exercicio": "2025",
        "Descricao": "<br>"
    },
    {
        "Nome": "DECRETO-450 nomea\u00e7\u00e3o-gestor-Jarisson-FUNDEB-CNPJ",
        "Numero": "450",
        "Exercicio": "2025",
        "Descricao": "<br>"
    },
    {
        "Nome": "DECRETO_449 Ponto_Facultativo_Semana_Santa-2025",
        "Numero": "449",
        "Exercicio": "2025",
        "Descricao": "<br>"
    },
    {
        "Nome": "Decreto-448-2025-Servid\u00e3o-passagem-estrada-rural-CDM",
        "Numero": "448",
        "Exercicio": "2025",
        "Descricao": "<br>"
    },
    {
        "Nome": "DECRETO N\u00ba 447, DE 26 DE MAR\u00c7O DE 2025",
        "Numero": "447",
        "Exercicio": "2025",
        "Descricao": "<br>"
    },
    {
        "Nome": "DECRETO - 446 atualiza\u00e7\u00e3o-valores-di\u00e1rias",
        "Numero": "446",
        "Exercicio": "2025",
        "Descricao": "<br>"
    },
    {
        "Nome": "Decreto-445-2025-Servid\u00e3o-passagem-estrada-rural-CDM (1)",
        "Numero": "445",
        "Exercicio": "2025",
        "Descricao": "<br>"
    },
    {
        "Nome": "DECRETO - 444 Ponto Facultativo Carnaval (1)",
        "Numero": "444",
        "Exercicio": "2025",
        "Descricao": "<br>"
    },
    {
        "Nome": "DECRETO -443 altera\u00e7\u00e3o-anexo-tarifa-agua-SAAE",
        "Numero": "443",
        "Exercicio": "2025",
        "Descricao": "<br>"
    },
    {
        "Nome": "DECRETO-442 nomeac\u0327a\u0303o-gestores-SAAE-Valter",
        "Numero": "442",
        "Exercicio": "2025",
        "Descricao": "<br>"
    },
    {
        "Nome": "DECRETO -441 Recadastramento funcional-2025 (1)",
        "Numero": "441",
        "Exercicio": "2025",
        "Descricao": "<br>"
    },
    {
        "Nome": "DECRETO -440 SAAE",
        "Numero": "440",
        "Exercicio": "2025",
        "Descricao": "<br>"
    },
    {
        "Nome": "DECRETO-439 nomea\u00e7\u00e3o-gestores-FMAS-Aurilene (1)",
        "Numero": "439",
        "Exercicio": "2025",
        "Descricao": "<br>"
    },
    {
        "Nome": "DECRETO-438 nomea\u00e7\u00e3o-gestores-FMS-Maiany (1)",
        "Numero": "438",
        "Exercicio": "2025",
        "Descricao": "<br>"
    },
    {
        "Nome": "DECRETO-437 nomea\u00e7\u00e3o-gestores-FUNDEB-Jarisson (1)",
        "Numero": "437",
        "Exercicio": "2025",
        "Descricao": "<br>"
    },
    {
        "Nome": "DECRETO-436 nomea\u00e7\u00e3o-gestores-Fundo-Municipal-Meio Ambiente-Felipe (1)",
        "Numero": "436",
        "Exercicio": "2025",
        "Descricao": "<br>"
    },
    {
        "Nome": "DECRETO-435 nomea\u00e7\u00e3o-gestores-Fundo-Municipal-Inf\u00e2ncia-Adolescente-Aurilene (1)",
        "Numero": "435",
        "Exercicio": "2025",
        "Descricao": "<br>"
    },
    {
        "Nome": "DECRETO-434 nomea\u00e7\u00e3o-gestores-RESERVA-contig\u00eancia-Jasiel (1)",
        "Numero": "434",
        "Exercicio": "2025",
        "Descricao": "<br>"
    },
    {
        "Nome": "DECRETO - N\u00ba 433 Exonera\u00e7\u00e3o Geral-2025",
        "Numero": "433",
        "Exercicio": "2024",
        "Descricao": "<br>"
    },
    {
        "Nome": "DECRETO -424-A  CRIAC\u0327A\u0303O COMISSA\u0303O PERICIA TECNICA (2)",
        "Numero": "424-A",
        "Exercicio": "2024",
        "Descricao": "<br>"
    },
    {
        "Nome": "DECRETOS - 432 Luto oficial- FLORIPES RODRIGUES",
        "Numero": "432",
        "Exercicio": "2024",
        "Descricao": "<br>"
    },
    {
        "Nome": "DECRETO - 431.2024 - Define premia\u00e7\u00e3o corrida",
        "Numero": "431",
        "Exercicio": "2024",
        "Descricao": "<br>"
    },
    {
        "Nome": "DECRETO - 430 comite\u0302-sub-registros",
        "Numero": "430",
        "Exercicio": "2024",
        "Descricao": "<br>"
    },
    {
        "Nome": "DECRETOS - 429 Luto oficial-Iracema",
        "Numero": "429",
        "Exercicio": "2024",
        "Descricao": "<br>"
    },
    {
        "Nome": "DECRETO - 428 Ponto-facultativo-corpus-cristi",
        "Numero": "428",
        "Exercicio": "2024",
        "Descricao": "<br>"
    },
    {
        "Nome": "DECRETO - 427 comit\u00ea-sub-registros (1)",
        "Numero": "427",
        "Exercicio": "2024",
        "Descricao": "<br>"
    },
    {
        "Nome": "DECRETO- 426 DECRETO DE REGULAMENTA\u00c7\u00c3O DO CONSELHO MUNICIPAL DE SEGURAN\u00c7A ALIMENTAR E NUTRICIONAL \u2013 COMSEA",
        "Numero": "426",
        "Exercicio": "2024",
        "Descricao": "<br>"
    },
    {
        "Nome": "DECRETO - 425 Decreto de Regulamenta\u00e7\u00e3o da C\u00e2mara Intersetorial Municipal de Seguran\u00e7a Alimentar e  Nutricional \u2014 CAISAN",
        "Numero": "425",
        "Exercicio": "2024",
        "Descricao": "<br>"
    },
    {
        "Nome": "DECRETOS -424 Luto oficial-ponto facultativo-educa\u00e7\u00e3o-prof.Sandy-Cirqueira",
        "Numero": "424",
        "Exercicio": "2024",
        "Descricao": "<br>"
    },
    {
        "Nome": "DECRETO - 423 Ponto-facultativo-semana-santa",
        "Numero": "423",
        "Exercicio": "2024",
        "Descricao": "<br>"
    },
    {
        "Nome": "DECRETO - 422 Ponto Facultativo carnaval",
        "Numero": "422",
        "Exercicio": "2024",
        "Descricao": "<br>"
    },
    {
        "Nome": "DECRETO - 421 2024 Nomea\u00e7\u00e3o-em-substitui\u00e7\u00e3o-Conselho-assist\u00eancia-social-",
        "Numero": "421",
        "Exercicio": "2024",
        "Descricao": "<br>"
    },
    {
        "Nome": "DECRETO - 420 2024 Regulamenta\u00e7\u00e3o-Registro-de-pre\u00e7o (1)",
        "Numero": "420",
        "Exercicio": "2024",
        "Descricao": "<br>"
    },
    {
        "Nome": "DECRETO 419-2024 - Nomea\u00e7\u00e3o-Membros-Conselho-tutelar[1]",
        "Numero": "419",
        "Exercicio": "2024",
        "Descricao": "<br>"
    },
    {
        "Nome": "DECRETO -418 Nomeac\u0327a\u0303o-Conselho Municipal de Assiste\u0302ncia Social[1]",
        "Numero": "418",
        "Exercicio": "2023",
        "Descricao": "<br>"
    },
    {
        "Nome": "DECRETO N\u00ba 417 SERVI\u00c7O E FORNECIMENTO CONTINUO NLL - CDM[1]",
        "Numero": "417",
        "Exercicio": "2023",
        "Descricao": "<br>"
    },
    {
        "Nome": "DECRETO N\u00ba 416 REGULAMENTA\u00c7\u00c3O NLL - CDM[1]",
        "Numero": "416",
        "Exercicio": "2023",
        "Descricao": "<br>"
    },
    {
        "Nome": "DECRETO_N\u00ba_415-2023_-_TRANSI\u00c7\u00c3O_NLL_-_CDM[1]",
        "Numero": "415",
        "Exercicio": "2023",
        "Descricao": "<br>"
    },
    {
        "Nome": "DECRETO - 414 retifica\u00e7\u00e3o-comit\u00ea gestor-programa feliz",
        "Numero": "414",
        "Exercicio": "2023",
        "Descricao": "<br>"
    },
    {
        "Nome": "DECRETO-413 Coordenadoria de fortalecimento da Alfabetiza\u00e7\u00e3o[1]",
        "Numero": "413",
        "Exercicio": "2023",
        "Descricao": "<br>"
    },
    {
        "Nome": "DECRETO -412 Nomea\u00e7\u00e3o-Conselho Municipal de Sa\u00fade-2023",
        "Numero": "412",
        "Exercicio": "2023",
        "Descricao": "<br>"
    },
    {
        "Nome": "DECRETO-411 ponto facultativo-anivers\u00e1rio-da-cidade[1] (2)",
        "Numero": "411",
        "Exercicio": "2023",
        "Descricao": "<br>"
    },
    {
        "Nome": "DECRETO - 410- 4a-cnc-minuta-de-convocacao-municipal[1]",
        "Numero": "410",
        "Exercicio": "2023",
        "Descricao": "<br>"
    },
    {
        "Nome": "DECRETO 409-nomea\u00e7\u00e3o-gestor-Jasiel",
        "Numero": "409",
        "Exercicio": "2023",
        "Descricao": "<br>"
    },
    {
        "Nome": "DECRETO 408-exonera\u00e7\u00e3o-gestor-Jailson",
        "Numero": "408",
        "Exercicio": "2023",
        "Descricao": "<br>"
    },
    {
        "Nome": "DECRETO 407 - Convocac\u0327a\u0303o Confere\u0302ncia Municipal da Cultura-[1]",
        "Numero": "407",
        "Exercicio": "2023",
        "Descricao": "<br>"
    },
    {
        "Nome": "DECRETO-406 ponto_facultativo-nossa_senhora",
        "Numero": "406",
        "Exercicio": "2023",
        "Descricao": "<br>"
    },
    {
        "Nome": "DECRETO - 405 ponto facultativo-independ\u00eancia[1]",
        "Numero": "405",
        "Exercicio": "2023",
        "Descricao": "<br>"
    },
    {
        "Nome": "DECRETO 404 -nomea\u00e7\u00e3o-gestor-FUNDEB-municipio-Juma Aguiar- (1)",
        "Numero": "404",
        "Exercicio": "2023",
        "Descricao": "<br>"
    },
    {
        "Nome": "DECRETO 404 -nomea\u00e7\u00e3o-gestor-FUNDEB-municipio-Juma Aguiar- (1)",
        "Numero": "404",
        "Exercicio": "2023",
        "Descricao": "<br>"
    },
    {
        "Nome": "DECRETO 403 -ponto facultativo-padroeiro-alterado[1]",
        "Numero": "403",
        "Exercicio": "2023",
        "Descricao": "<br>"
    },
    {
        "Nome": "DECRETO-402 ponto facultativo-paralisa\u00e7\u00e3o-Munic\u00edpios[1]",
        "Numero": "402",
        "Exercicio": "2023",
        "Descricao": "<br>"
    },
    {
        "Nome": "DECRETO-401 regulamenta\u00e7\u00e3o prote\u00e7\u00e3o de dados pessoais",
        "Numero": "401",
        "Exercicio": "2023",
        "Descricao": "<br>"
    },
    {
        "Nome": "DECRETO- 400 regulamenta\u00e7\u00e3o Governo Digital",
        "Numero": "400",
        "Exercicio": "2023",
        "Descricao": "<br>"
    },
    {
        "Nome": "DECRETO N\u00ba 399, DE 21 DE JULHO DE 2023.",
        "Numero": "399",
        "Exercicio": "2023",
        "Descricao": "<br>"
    },
    {
        "Nome": "DECRETO- 398 -regulamenta\u00e7\u00e3o_Tratamento_diferenciado-MEI_EPP",
        "Numero": "398",
        "Exercicio": "2023",
        "Descricao": "<br>"
    },
    {
        "Nome": "DECRETO-397 Constitui\u00e7\u00e3o Comiss\u00e3o-sele\u00e7\u00e3o-gestor-escolar - reformulado",
        "Numero": "397",
        "Exercicio": "2023",
        "Descricao": "<br>"
    },
    {
        "Nome": "DECRETO-396 Constitui\u00e7\u00e3o Comiss\u00e3o-sele\u00e7\u00e3o-gestor-escolar",
        "Numero": "396",
        "Exercicio": "2023",
        "Descricao": "<br>"
    },
    {
        "Nome": "DECRETO-395 Revoga\u00e7\u00e3o_dispositivo_Decreto-gestor",
        "Numero": "395",
        "Exercicio": "2023",
        "Descricao": "<br>"
    },
    {
        "Nome": "DECRETO 394    de junho   de 2023",
        "Numero": "394",
        "Exercicio": "2023",
        "Descricao": "<p class=\"MsoNormal\" style=\"margin-bottom:8.0pt;text-align:justify;line-height:\r\n107%\">&nbsp; &nbsp; &nbsp; &nbsp; &nbsp; &nbsp; &nbsp; &nbsp; &nbsp; &nbsp; &nbsp;&nbsp;&nbsp;&nbsp;&nbsp;&nbsp;&nbsp;&nbsp;&nbsp;&nbsp;&nbsp;&nbsp;&nbsp;&nbsp;&nbsp;&nbsp;DECRETO N\u00ba - 394&nbsp;&nbsp;&nbsp; de junho&nbsp;&nbsp;\r\nde 2023. <o:p><\/o:p><\/p>\r\n\r\n<p class=\"MsoNormal\" style=\"margin-bottom:8.0pt;text-align:justify;line-height:\r\n107%\"><o:p>&nbsp;<\/o:p><\/p>\r\n\r\n<p class=\"MsoNormal\" style=\"margin-top:0cm;margin-right:0cm;margin-bottom:8.0pt;\r\nmargin-left:6.0cm;text-align:justify;line-height:107%\">Disp\u00f5e sobre a XIII Confer\u00eancia Municipal de Assist\u00eancia Social e da\r\noutras providencias. <o:p><\/o:p><\/p>\r\n\r\n<p class=\"MsoNormal\" style=\"margin-bottom:8.0pt;text-align:justify;text-indent:\r\n35.4pt;line-height:107%\"><o:p>&nbsp;<\/o:p><\/p>\r\n\r\n<p class=\"MsoNormal\" style=\"margin-bottom:8.0pt;text-align:justify;text-indent:\r\n35.4pt;line-height:107%\">&nbsp; O Prefeito Municipal de Campestre\r\ndo Maranh\u00e3o, em conjunto com a Presidenta do Conselho Municipal de Assist\u00eancia\r\nSocial, no uso de suas atribui\u00e7\u00f5es e, considerando a necessidade de avaliar e\r\npropor diretrizes para a implementa\u00e7\u00e3o da Pol\u00edtica de Assist\u00eancia Social no munic\u00edpio,\r\n<b>RESOLVE<\/b>: <o:p><\/o:p><\/p>\r\n\r\n<p class=\"MsoNormal\" style=\"margin-bottom:8.0pt;text-align:justify;text-indent:\r\n35.4pt;line-height:107%\"><o:p>&nbsp;<\/o:p><\/p>\r\n\r\n<p class=\"MsoNormal\" style=\"margin-bottom:8.0pt;text-align:justify;text-indent:\r\n35.4pt;line-height:107%\">&nbsp;&nbsp; Art. 1\u00ba Convocar a XIII\r\nConfer\u00eancia Municipal de Assist\u00eancia Social, a ser realizada no dia 27 de junho\r\nde 2023, tendo como tema central: \u201c<b>Reconstru\u00e7\u00e3o do SUAS: O SUAS que temos e\r\no SUAS que queremos\".<\/b><o:p><\/o:p><\/p>\r\n\r\n<p class=\"MsoNormal\" style=\"margin-bottom:8.0pt;text-align:justify;text-indent:\r\n35.4pt;line-height:107%\"><o:p>&nbsp;<\/o:p><\/p>\r\n\r\n<p class=\"MsoNormal\" style=\"margin-bottom:8.0pt;text-align:justify;text-indent:\r\n35.4pt;line-height:107%\">&nbsp; Art. 2\u00ba As despesas decorrentes\r\nda realiza\u00e7\u00e3o da Confer\u00eancia de Assist\u00eancia Social, correr\u00e3o por conta de\r\ndota\u00e7\u00e3o pr\u00f3pria do or\u00e7amento do \u00f3rg\u00e3o gestor municipal de Assist\u00eancia Social. <o:p><\/o:p><\/p>\r\n\r\n<p class=\"MsoNormal\" style=\"margin-bottom:8.0pt;text-align:justify;text-indent:\r\n35.4pt;line-height:107%\"><o:p>&nbsp;<\/o:p><\/p>\r\n\r\n<p class=\"MsoNormal\" style=\"margin-bottom:8.0pt;text-align:justify;line-height:\r\n107%\">&nbsp;&nbsp;&nbsp;&nbsp;&nbsp;&nbsp;&nbsp;&nbsp;&nbsp; &nbsp;&nbsp;&nbsp;Art.\r\n3\u00ba Este decreto entra em vigor na data de sua publica\u00e7\u00e3o.<o:p><\/o:p><\/p>\r\n\r\n<p class=\"MsoNormal\" align=\"right\" style=\"margin-bottom:8.0pt;text-align:right;\r\ntext-indent:35.4pt;line-height:107%\"><o:p>&nbsp;<\/o:p><\/p>\r\n\r\n<p class=\"MsoNormal\" style=\"margin-bottom:8.0pt;text-align:justify;line-height:\r\n107%\">&nbsp;&nbsp;&nbsp;&nbsp;&nbsp;&nbsp;&nbsp;&nbsp;&nbsp;&nbsp;&nbsp;&nbsp;&nbsp; Campestre do Maranh\u00e3o, 13 de\r\njunho de 2023<o:p><\/o:p><\/p>\r\n\r\n<p class=\"MsoNormal\" style=\"margin-bottom:8.0pt;text-align:justify;line-height:\r\n107%\"><o:p>&nbsp;<\/o:p><\/p>\r\n\r\n<p class=\"MsoNormal\" style=\"margin-bottom:8.0pt;text-align:justify;line-height:\r\n107%\"><o:p>&nbsp;<\/o:p><\/p>\r\n\r\n<p class=\"MsoNormal\" align=\"center\" style=\"text-align:center\"><v:shapetype id=\"_x0000_t75\" coordsize=\"21600,21600\" o:spt=\"75\" o:preferrelative=\"t\" path=\"m@4@5l@4@11@9@11@9@5xe\" filled=\"f\" stroked=\"f\">\r\n <v:stroke joinstyle=\"miter\">\r\n <v:formulas>\r\n  <v:f eqn=\"if lineDrawn pixelLineWidth 0\">\r\n  <v:f eqn=\"sum @0 1 0\">\r\n  <v:f eqn=\"sum 0 0 @1\">\r\n  <v:f eqn=\"prod @2 1 2\">\r\n  <v:f eqn=\"prod @3 21600 pixelWidth\">\r\n  <v:f eqn=\"prod @3 21600 pixelHeight\">\r\n  <v:f eqn=\"sum @0 0 1\">\r\n  <v:f eqn=\"prod @6 1 2\">\r\n  <v:f eqn=\"prod @7 21600 pixelWidth\">\r\n  <v:f eqn=\"sum @8 21600 0\">\r\n  <v:f eqn=\"prod @7 21600 pixelHeight\">\r\n  <v:f eqn=\"sum @10 21600 0\">\r\n <\/v:f><\/v:f><\/v:f><\/v:f><\/v:f><\/v:f><\/v:f><\/v:f><\/v:f><\/v:f><\/v:f><\/v:f><\/v:formulas>\r\n <v:path o:extrusionok=\"f\" gradientshapeok=\"t\" o:connecttype=\"rect\">\r\n <o:lock v:ext=\"edit\" aspectratio=\"t\">\r\n<\/o:lock><\/v:path><\/v:stroke><\/v:shapetype><v:shape id=\"Imagem_x0020_4\" o:spid=\"_x0000_s2050\" type=\"#_x0000_t75\" style=\"position:absolute;left:0;text-align:left;margin-left:0;margin-top:.6pt;\r\n width:120.55pt;height:17.25pt;z-index:251658240;visibility:visible;\r\n mso-wrap-style:square;mso-width-percent:0;mso-height-percent:0;\r\n mso-wrap-distance-left:9pt;mso-wrap-distance-top:0;mso-wrap-distance-right:9pt;\r\n mso-wrap-distance-bottom:0;mso-position-horizontal:center;\r\n mso-position-horizontal-relative:margin;mso-position-vertical:absolute;\r\n mso-position-vertical-relative:text;mso-width-percent:0;mso-height-percent:0;\r\n mso-width-relative:margin;mso-height-relative:margin\">\r\n <v:imagedata src=\"file:\/\/\/C:\\Users\\LYNKSG~1\\AppData\\Local\\Temp\\msohtmlclip1\\01\\clip_image001.png\" o:title=\"fernando2\">\r\n <w:wrap anchorx=\"margin\">\r\n<\/w:wrap><\/v:imagedata><\/v:shape><o:p>&nbsp;<\/o:p><\/p>\r\n\r\n<br clear=\"ALL\">\r\n\r\n<p class=\"MsoNormal\" align=\"center\" style=\"text-align:center\">Fernando Oliveira da Silva<a name=\"_Hlk131081965\"> <o:p><\/o:p><\/a><\/p>\r\n\r\n<p class=\"MsoNormal\" align=\"center\" style=\"text-align:center\">Prefeito Municipal<o:p><\/o:p><\/p>\r\n\r\n<p class=\"MsoNormal\" align=\"center\" style=\"text-align:center\"><o:p>&nbsp;<\/o:p><\/p>\r\n\r\n<p class=\"MsoNormal\" align=\"center\" style=\"text-align:center\"><o:p>&nbsp;<\/o:p><\/p>\r\n\r\n<p class=\"MsoNormal\" align=\"center\" style=\"text-align:center\">&nbsp;<span style=\"color:#232323\">Maria\r\nEsperan\u00e7a Alves Lima<\/span><o:p><\/o:p><\/p>\r\n\r\n<p align=\"center\" style=\"margin:0cm;margin-bottom:.0001pt;text-align:center;\r\nvertical-align:baseline\"><span style=\"color:#232323\">Presidenta do CMAS<o:p><\/o:p><\/span><\/p>\r\n\r\n<p class=\"MsoNormal\" align=\"center\" style=\"text-align:center\"><o:p>&nbsp;<\/o:p><\/p>\r\n\r\n<p class=\"MsoNormal\"><o:p>&nbsp;<\/o:p><\/p>\r\n\r\n<p class=\"MsoNormal\" align=\"center\" style=\"text-align:center;line-height:115%\"><b><span style=\"font-family:\" corbel=\"\" light\",sans-serif;=\"\" mso-fareast-font-family:batang\"=\"\">&nbsp;<\/span><\/b><\/p>\r\n\r\n<p class=\"MsoNormal\"><span style=\"font-family:\" corbel=\"\" light\",sans-serif\"=\"\">&nbsp;<\/span><\/p>"
    },
    {
        "Nome": "DECRETO-393 ponto facultativo-corpus_cristi_Retificado",
        "Numero": "393",
        "Exercicio": "2023",
        "Descricao": "<br>"
    },
    {
        "Nome": "DECRETO-392 ponto facultativo-corpus_cristi",
        "Numero": "392",
        "Exercicio": "2023",
        "Descricao": "<br>"
    },
    {
        "Nome": "DECRETO 391 - Nomea\u00e7\u00e3o-Conselho Municipal de Educa\u00e7\u00e3o-2023",
        "Numero": "391",
        "Exercicio": "2023",
        "Descricao": "<br>"
    },
    {
        "Nome": "DECRETOS 390 -Luto oficial-ponto facultativo-joana lima da silva",
        "Numero": "390",
        "Exercicio": "2023",
        "Descricao": "<br>"
    },
    {
        "Nome": "DECRETO 389 -ponto facultativo-semana santa-2023",
        "Numero": "389",
        "Exercicio": "2023",
        "Descricao": "<br>"
    },
    {
        "Nome": "DECRETO 388 - Acesso a Informa\u00e7\u00e3o",
        "Numero": "388",
        "Exercicio": "2023",
        "Descricao": "<br>"
    },
    {
        "Nome": "DECRETO 387 - Nomea\u00e7\u00e3o-CMDCA-2023",
        "Numero": "387",
        "Exercicio": "2023",
        "Descricao": "<br>"
    },
    {
        "Nome": "DECRETOS 374-Luto oficial-ponto facultativo-genivaldo",
        "Numero": "374",
        "Exercicio": "2022",
        "Descricao": "<br>"
    },
    {
        "Nome": "DECRETOS 368 -Luto oficial-ponto facultativo-Maria Aparecida de Deus Costa",
        "Numero": "368",
        "Exercicio": "2022",
        "Descricao": "<br>"
    },
    {
        "Nome": "DECRETO-352-pagamento Abono-FUNDEB-70",
        "Numero": "352",
        "Exercicio": "2021",
        "Descricao": "<br>"
    },
    {
        "Nome": "DECRETO N\u00ba 377, DE 23 DE DEZEMBRO DE 2022.",
        "Numero": "377",
        "Exercicio": "2022",
        "Descricao": "<br>"
    },
    {
        "Nome": "DECRETO N\u00ba 364, DE 14 DE JUNHO DE 2022 CORPUS C..",
        "Numero": "364",
        "Exercicio": "2022",
        "Descricao": "<br>"
    },
    {
        "Nome": "DECRETO 386 - Retifica\u00e7\u00e3o-Convoca\u00e7\u00e3o Confer\u00eancia Municipal de Sa\u00fade",
        "Numero": "386",
        "Exercicio": "2023",
        "Descricao": "<br>"
    },
    {
        "Nome": "DECRETO 385 - Conselho CACs-Fundeb-2023-nomea\u00e7\u00e3o em substitui\u00e7\u00e3o-4",
        "Numero": "385",
        "Exercicio": "2023",
        "Descricao": "<br>"
    },
    {
        "Nome": "DECRETO 384 - Conselho CACs-Fundeb-2023-nomea\u00e7\u00e3o em substitui\u00e7\u00e3o",
        "Numero": "384",
        "Exercicio": "2023",
        "Descricao": "<br>"
    },
    {
        "Nome": "DECRETO 383 - Convoca\u00e7\u00e3o Confer\u00eancia Municipal de sa\u00fade",
        "Numero": "383",
        "Exercicio": "2023",
        "Descricao": "<br>"
    },
    {
        "Nome": "DECRETO 382 - Ponto facultativo-carnaval-2023",
        "Numero": "382",
        "Exercicio": "2023",
        "Descricao": "<br>"
    },
    {
        "Nome": "DECRETO 380 - Conselho Municipal de Alimenta\u00e7\u00e3o Escolar - nomea\u00e7\u00e3o em substitui\u00e7\u00e3o",
        "Numero": "380",
        "Exercicio": "2023",
        "Descricao": "<br>"
    },
    {
        "Nome": "DECRETO 379 - MUNICIPAL CONFERENCIA MUNICIPAL",
        "Numero": "379",
        "Exercicio": "2023",
        "Descricao": "<br>"
    },
    {
        "Nome": "DECRETO 378 - Conselho CACs-Fundeb-2023-nomea\u00e7\u00e3o em substitui\u00e7\u00e3o",
        "Numero": "378",
        "Exercicio": "2023",
        "Descricao": "<br>"
    },
    {
        "Nome": "DECRETO 377 - Conselho Fundeb-2022-retifica\u00e7\u00e3o",
        "Numero": "377",
        "Exercicio": "2022",
        "Descricao": "<br>"
    },
    {
        "Nome": "DECRETO 376 - Conselho Fundeb-2022-nomea\u00e7\u00e3o",
        "Numero": "376",
        "Exercicio": "2022",
        "Descricao": "<br>"
    },
    {
        "Nome": "DECRETO 375 -transferencia-feriado-dia-do-evang\u00e9lico",
        "Numero": "375",
        "Exercicio": "2022",
        "Descricao": "<br>"
    },
    {
        "Nome": "DECRETO 373 -ponto facultativo-proclama\u00e7\u00e3o da rep\u00fablica",
        "Numero": "373",
        "Exercicio": "2022",
        "Descricao": "<br>"
    },
    {
        "Nome": "DECRETO 372 -remanejamento-ponto facultativo-dia servidorDECRETO 372 -remanejamento-ponto facultativo-dia servidor",
        "Numero": "372",
        "Exercicio": "2022",
        "Descricao": "<br>"
    },
    {
        "Nome": "DECRETO 371 -regulamentac\u00e3o-gestor-escolar-VAAR",
        "Numero": "371",
        "Exercicio": "2022",
        "Descricao": "<br>"
    },
    {
        "Nome": "DECRETO 370 - Ponto Facultativo 7 setembro",
        "Numero": "370",
        "Exercicio": "2022",
        "Descricao": "<br>"
    },
    {
        "Nome": "DECRETO 369 - Semana do Beb\u00ea e da Primeira Inf\u00e2ncia",
        "Numero": "369",
        "Exercicio": "2022",
        "Descricao": "<br>"
    },
    {
        "Nome": "DECRETO 367 - Regulamenta\u00e7\u00e3o-CET",
        "Numero": "367",
        "Exercicio": "2022",
        "Descricao": "<br>"
    },
    {
        "Nome": "DECRETO 366 - Conselho da mulher",
        "Numero": "366",
        "Exercicio": "2022",
        "Descricao": "<br>"
    },
    {
        "Nome": "DECRETO 365 - Enfrentamento COVID - Junho",
        "Numero": "365",
        "Exercicio": "2022",
        "Descricao": "<br>"
    },
    {
        "Nome": "DECRETO 363 - retifica\u00e7\u00e3o-comit\u00ea gestor-programa feliz",
        "Numero": "363",
        "Exercicio": "2022",
        "Descricao": "<br>"
    },
    {
        "Nome": "DECRETO 362 - Ponto facultativo - semana santa",
        "Numero": "362",
        "Exercicio": "2022",
        "Descricao": "<br>"
    },
    {
        "Nome": "DECRETO 361 - convoca\u00e7\u00e3o F\u00f3rum da Educa\u00e7\u00e3o",
        "Numero": "361",
        "Exercicio": "2022",
        "Descricao": "<br>"
    },
    {
        "Nome": "DECRETO 360 - Enfrentamento COVID - Mar\u00e7o",
        "Numero": "360",
        "Exercicio": "2022",
        "Descricao": "<br>"
    },
    {
        "Nome": "DECRETO 359 - Membros F\u00f3rum da Educa\u00e7\u00e3o",
        "Numero": "359",
        "Exercicio": "2022",
        "Descricao": "<br>"
    },
    {
        "Nome": "DECRETO 358 - Ponto facultativo - Carnaval",
        "Numero": "358",
        "Exercicio": "2022",
        "Descricao": "<br>"
    },
    {
        "Nome": "DECRETO 357- Enfrentamento COVID - fevereiro-2022",
        "Numero": "357",
        "Exercicio": "2022",
        "Descricao": "<br>"
    },
    {
        "Nome": "DECRETO 354-A - Enfrentamento COVID - Altera 354 Janeiro",
        "Numero": "354a",
        "Exercicio": "2022",
        "Descricao": "<br>"
    },
    {
        "Nome": "DECRETO 354 - Enfrentamento COVID",
        "Numero": "354",
        "Exercicio": "2022",
        "Descricao": "<br>"
    },
    {
        "Nome": "DECRETO 351 - Enfrentamento COVID - Dezembro 30 dias",
        "Numero": "351",
        "Exercicio": "2021",
        "Descricao": "<br>"
    },
    {
        "Nome": "DECRETO 350 Confer\u00eancia Municipal de Sa\u00fade",
        "Numero": "350",
        "Exercicio": "2021",
        "Descricao": "<br>"
    },
    {
        "Nome": "DECRETO 349 - Enfrentamento COVID - Dezembro",
        "Numero": "349",
        "Exercicio": "2021",
        "Descricao": "<br>"
    },
    {
        "Nome": "DECRETO 348 -transfere-feriado-anivers\u00e1rio da cidade",
        "Numero": "348",
        "Exercicio": "2021",
        "Descricao": "<br>"
    },
    {
        "Nome": "DECRETO 347 - Enfrentamento COVID - Novembro",
        "Numero": "347",
        "Exercicio": "2021",
        "Descricao": "<br>"
    },
    {
        "Nome": "DECRETO 346-transfere feriado Dia do Servidor.pdf",
        "Numero": "346",
        "Exercicio": "2021",
        "Descricao": "<br>"
    },
    {
        "Nome": "DECRETO 345 - nomea\u00e7\u00e3o - gestores Fundos Municipal da Crian\u00e7a e do Adolescente",
        "Numero": "345",
        "Exercicio": "2021",
        "Descricao": "<br>"
    },
    {
        "Nome": "DECRETO 344 - Luto oficial",
        "Numero": "344",
        "Exercicio": "2021",
        "Descricao": "<br>"
    },
    {
        "Nome": "DECRETO 343 - LEI ALDIR BLANC -Cria\u00e7\u00e3o da Comiss\u00e3o",
        "Numero": "343",
        "Exercicio": "2021",
        "Descricao": "<br>"
    },
    {
        "Nome": "DECRETO 342 - LEI AUDIR BLANC - Comit\u00ea Gestor",
        "Numero": "342",
        "Exercicio": "2021",
        "Descricao": "<br>"
    },
    {
        "Nome": "DECRETO 341 - LEI ALDIR BLANC",
        "Numero": "341",
        "Exercicio": "2021",
        "Descricao": "<br>"
    },
    {
        "Nome": "DECRETO 340 - Nomea\u00e7\u00e3-Conselho Assist\u00eancia Social-substitui\u00e7\u00e3o-RENUNCIA",
        "Numero": "340",
        "Exercicio": "2021",
        "Descricao": "<br>"
    },
    {
        "Nome": "DECRETO 339 - Enfrentamento COVID - Outubro",
        "Numero": "339",
        "Exercicio": "2021",
        "Descricao": "<br>"
    },
    {
        "Nome": "DECRETO 338 - Enfrentamento COVID - Setembro",
        "Numero": "338",
        "Exercicio": "2021",
        "Descricao": "<br>"
    },
    {
        "Nome": "DECRETO 337 - Enfrentamento COVID - Agosto - Libera\u00e7\u00e3o",
        "Numero": "337",
        "Exercicio": "2021",
        "Descricao": "<br>"
    },
    {
        "Nome": "DECRETO 336 - Confer\u00eancia Municipal de Assist\u00eancia Socia",
        "Numero": "336",
        "Exercicio": "2021",
        "Descricao": "<br>"
    },
    {
        "Nome": "DECRETO 335 - Enfrentamento COVID - Agosto",
        "Numero": "335",
        "Exercicio": "2021",
        "Descricao": "<br>"
    },
    {
        "Nome": "DECRETO 334 - Enfrentamento COVID - Julho",
        "Numero": "334",
        "Exercicio": "2021",
        "Descricao": "<br>"
    },
    {
        "Nome": "Decreto 333 Retifica\u00e7\u00e3o de ato",
        "Numero": "333",
        "Exercicio": "2021",
        "Descricao": "<br>"
    },
    {
        "Nome": "DECRETO 332 - Enfrentamento COVID - Junho (Altera\u00e7\u00f5es)",
        "Numero": "332",
        "Exercicio": "2021",
        "Descricao": "<br>"
    },
    {
        "Nome": "DECRETO 331- Nomea\u00e7\u00e3o de gestor do Fundo Municipal de Sa\u00fade \u2013 FMS",
        "Numero": "331",
        "Exercicio": "2021",
        "Descricao": "<br>"
    },
    {
        "Nome": "DECRETO 330 - Enfrentamento COVID - Junho",
        "Numero": "330",
        "Exercicio": "2021",
        "Descricao": "<br>"
    },
    {
        "Nome": "DECRETO 329 - Conselho Municipal de Sa\u00fade",
        "Numero": "329",
        "Exercicio": "2021",
        "Descricao": "<br>"
    },
    {
        "Nome": "DECRETO 328 - Enfrentamento COVID - Maio",
        "Numero": "328",
        "Exercicio": "2021",
        "Descricao": "<br>"
    },
    {
        "Nome": "DECRETO 326 - SIAFIC",
        "Numero": "326",
        "Exercicio": "2021",
        "Descricao": "<br>"
    },
    {
        "Nome": "DECRETO 325 - covid- retifica\u00e7\u00e3o",
        "Numero": "325",
        "Exercicio": "2021",
        "Descricao": "<br>"
    },
    {
        "Nome": "DECRETO 324 - Conselho Municipal de Assist\u00eancia Social",
        "Numero": "324",
        "Exercicio": "2021",
        "Descricao": "<br>"
    },
    {
        "Nome": "DECRETO 323 - Enfrentamento COVID - Maio",
        "Numero": "323",
        "Exercicio": "2021",
        "Descricao": "<br>"
    },
    {
        "Nome": "DECRETO 322 - Comiss\u00e3o PAD",
        "Numero": "322",
        "Exercicio": "2021",
        "Descricao": "<br>"
    },
    {
        "Nome": "DECRETO 321 - delega\u00e7\u00e3o - autoriza\u00e7\u00e3o - DI\u00c1RIAS",
        "Numero": "321",
        "Exercicio": "2021",
        "Descricao": "<br>"
    },
    {
        "Nome": "DECRETO 320 - Enfrentamento COVID - Abril",
        "Numero": "320",
        "Exercicio": "2021",
        "Descricao": "<br>"
    },
    {
        "Nome": "DECRETO 319 - TOMADA DE CONTAS ESPECIAL",
        "Numero": "319",
        "Exercicio": "2021",
        "Descricao": "<br>"
    },
    {
        "Nome": "DECRETO 318 - Ponto facultativo - semana santa",
        "Numero": "318",
        "Exercicio": "2021",
        "Descricao": "<br>"
    },
    {
        "Nome": "DECRETO 317 A - Conselho Fundeb-2021-substitui\u00e7\u00e3o-RENUNCIA",
        "Numero": "317",
        "Exercicio": "2021",
        "Descricao": "<br>"
    },
    {
        "Nome": "DECRETO 317 - Conselho Fundeb-2021",
        "Numero": "317",
        "Exercicio": "2021",
        "Descricao": "<br>"
    },
    {
        "Nome": "DECRETO 316 - Luto oficial",
        "Numero": "316",
        "Exercicio": "2021",
        "Descricao": "<br>"
    },
    {
        "Nome": "DECRETO 315 - Conselho de Alimenta\u00e7\u00e3o",
        "Numero": "315",
        "Exercicio": "2021",
        "Descricao": "<br>"
    },
    {
        "Nome": "DECRETO 314 - Enfrentamento COVID - Restri\u00e7\u00f5es",
        "Numero": "314",
        "Exercicio": "2021",
        "Descricao": "<br>"
    },
    {
        "Nome": "DECRETO 313 - dispensa e designa\u00e7\u00e3o- membro da CPL-Equipe de apoio",
        "Numero": "313",
        "Exercicio": "2021",
        "Descricao": "<br>"
    },
    {
        "Nome": "DECRETO 312 - Enfrentamento COVID",
        "Numero": "312",
        "Exercicio": "2021",
        "Descricao": "<br>"
    },
    {
        "Nome": "DECRETO 311 - NOMEA\u00c7\u00c3O DOS MEMBROS CMDCA",
        "Numero": "311",
        "Exercicio": "2021",
        "Descricao": "<br>"
    },
    {
        "Nome": "DECRETO 306 - NOMEA\u00c7\u00c3O DOS MEMBROS TITULARES E SUPLENTES DO CONSELHO MUNICIPAL DE EDUCA\u00c7\u00c3O",
        "Numero": "306",
        "Exercicio": "2021",
        "Descricao": "<br>"
    },
    {
        "Nome": "DECRETO 305 - Exonera\u00e7\u00e3o de servidor da fun\u00e7\u00e3o p\u00fablica de conselheiro tutelar",
        "Numero": "305",
        "Exercicio": "2021",
        "Descricao": "<br>"
    },
    {
        "Nome": "DECRETO 304 - Nomea\u00e7\u00e3o da Comiss\u00e3o Permanente de Licita\u00e7\u00e3o \u2013 CPL",
        "Numero": "304",
        "Exercicio": "2021",
        "Descricao": "<br>"
    },
    {
        "Nome": "DECRETO 303 - delegacao de competencia",
        "Numero": "303",
        "Exercicio": "2021",
        "Descricao": "<br>"
    },
    {
        "Nome": "DECRETO 302 - extin\u00e7\u00e3o-rescis\u00e3o de todos os contratos",
        "Numero": "302",
        "Exercicio": "2021",
        "Descricao": "<br>"
    },
    {
        "Nome": "DECRETO 301 - Recadastramento funcional",
        "Numero": "301",
        "Exercicio": "2021",
        "Descricao": "<br>"
    },
    {
        "Nome": "DECRETO 300 - Exonera\u00e7\u00e3o Geral",
        "Numero": "300",
        "Exercicio": "2021",
        "Descricao": "<br>"
    }
]